{"id":777,"date":"2019-01-30T23:46:24","date_gmt":"2019-01-30T22:46:24","guid":{"rendered":"https:\/\/www.piccolaccademia.info\/it\/?p=777"},"modified":"2019-02-05T23:50:53","modified_gmt":"2019-02-05T22:50:53","slug":"comune-di-chiari-riconoscimenti-civici-2019","status":"publish","type":"post","link":"https:\/\/www.piccolaccademia.info\/it\/2019\/01\/30\/comune-di-chiari-riconoscimenti-civici-2019\/","title":{"rendered":"Comune di Chiari &#8211; riconoscimenti civici 2019"},"content":{"rendered":"\n<p class=\"wp-block-paragraph\" style=\"text-align:right\">Spett.le Associazione <br>\nPICCOLA ACCADEMIA DI MUSICA SAN BERNARDINO <br>\nc\/o FESTA GIULIANA <br>\nvia Tiziano n. 10 <br>\n25032 CHIARI <\/p>\n\n\n\n<p class=\"wp-block-paragraph\">Prot. N\u00b0 3464<\/p>\n\n\n\n<p class=\"wp-block-paragraph\">Oggetto: Riconoscimenti Civici 2019. <\/p>\n\n\n\n<p class=\"wp-block-paragraph\">Chiari, 29 gennaio 2019 <\/p>\n\n\n\n<p class=\"wp-block-paragraph\">Con la presente sono lieto di comunicarVi che la competente Commissione riunitasi in data 15 gennaio 2019 ha deliberato l\u2019elenco dei nominativi ai quali conferire il premio del Riconoscimento Civico della Citt\u00e0 di Chiari ai Cittadini Clarensi che si sono distinti nei vari campi delle professioni, della cultura e delle attivit\u00e0 sociali. <br> A tale proposito l&#8217;Amministrazione Comunale \u00e8 lieta di conferire all&#8217;Associazione Piccola Accademia di Musica San Bernardino di Chiari tale Riconoscimento. <br> Il premio verr\u00e0 consegnato in occasione delle celebrazioni dei SS. Patroni Faustino e Giovita, nella giornata di Venerd\u00ec 15 febbraio 2019 alle ore 9,30 presso AUDITORIUM POLO SCOLASTICO ingresso via Lancini.<\/p>\n\n\n\n<p class=\"wp-block-paragraph\"> <br>Distintamente <\/p>\n\n\n\n<p class=\"wp-block-paragraph\" style=\"text-align:right\">IL SINDACO<br> Avv. Massimo Vizzardi<\/p>\n","protected":false},"excerpt":{"rendered":"<p>Spett.le Associazione PICCOLA ACCADEMIA DI MUSICA SAN BERNARDINO c\/o FESTA GIULIANA via Tiziano n. 10 25032 CHIARI Prot. N\u00b0 3464 Oggetto: Riconoscimenti Civici 2019. Chiari, 29 gennaio 2019 Con la presente sono lieto di comunicarVi che la competente Commissione riunitasi in data 15 gennaio 2019 ha deliberato l\u2019elenco dei nominativi ai quali conferire il premio [&hellip;]<\/p>\n","protected":false},"author":2,"featured_media":0,"comment_status":"open","ping_status":"open","sticky":false,"template":"","format":"standard","meta":{"_et_pb_use_builder":"","_et_pb_old_content":"","_et_gb_content_width":"","footnotes":""},"categories":[56],"tags":[118,10,116],"class_list":["post-777","post","type-post","status-publish","format-standard","hentry","category-giornali","tag-118","tag-comune-di-chiari","tag-vizzardi"],"_links":{"self":[{"href":"https:\/\/www.piccolaccademia.info\/it\/wp-json\/wp\/v2\/posts\/777","targetHints":{"allow":["GET"]}}],"collection":[{"href":"https:\/\/www.piccolaccademia.info\/it\/wp-json\/wp\/v2\/posts"}],"about":[{"href":"https:\/\/www.piccolaccademia.info\/it\/wp-json\/wp\/v2\/types\/post"}],"author":[{"embeddable":true,"href":"https:\/\/www.piccolaccademia.info\/it\/wp-json\/wp\/v2\/users\/2"}],"replies":[{"embeddable":true,"href":"https:\/\/www.piccolaccademia.info\/it\/wp-json\/wp\/v2\/comments?post=777"}],"version-history":[{"count":1,"href":"https:\/\/www.piccolaccademia.info\/it\/wp-json\/wp\/v2\/posts\/777\/revisions"}],"predecessor-version":[{"id":778,"href":"https:\/\/www.piccolaccademia.info\/it\/wp-json\/wp\/v2\/posts\/777\/revisions\/778"}],"wp:attachment":[{"href":"https:\/\/www.piccolaccademia.info\/it\/wp-json\/wp\/v2\/media?parent=777"}],"wp:term":[{"taxonomy":"category","embeddable":true,"href":"https:\/\/www.piccolaccademia.info\/it\/wp-json\/wp\/v2\/categories?post=777"},{"taxonomy":"post_tag","embeddable":true,"href":"https:\/\/www.piccolaccademia.info\/it\/wp-json\/wp\/v2\/tags?post=777"}],"curies":[{"name":"wp","href":"https:\/\/api.w.org\/{rel}","templated":true}]}}